{"id":930,"date":"2016-01-21T00:31:36","date_gmt":"2016-01-21T00:31:36","guid":{"rendered":"http:\/\/vincenzoconsolo.it\/?p=930"},"modified":"2016-05-13T06:21:29","modified_gmt":"2016-05-13T06:21:29","slug":"un-ricordo-di-vincenzo-consolo","status":"publish","type":"post","link":"https:\/\/vincenzoconsolo.it\/?p=930","title":{"rendered":"Un ricordo di Vincenzo Consolo"},"content":{"rendered":"<p style=\"text-align: justify;\"><a href=\"http:\/\/vincenzoconsolo.it\/wp-content\/uploads\/2016\/01\/scansione0014.jpg\"><img loading=\"lazy\" decoding=\"async\" class=\"size-medium wp-image-931 alignleft\" src=\"http:\/\/vincenzoconsolo.it\/wp-content\/uploads\/2016\/01\/scansione0014-205x300.jpg\" alt=\"scansione0014\" width=\"205\" height=\"300\" srcset=\"https:\/\/vincenzoconsolo.it\/wp-content\/uploads\/2016\/01\/scansione0014-205x300.jpg 205w, https:\/\/vincenzoconsolo.it\/wp-content\/uploads\/2016\/01\/scansione0014-699x1024.jpg 699w, https:\/\/vincenzoconsolo.it\/wp-content\/uploads\/2016\/01\/scansione0014.jpg 954w\" sizes=\"(max-width: 205px) 100vw, 205px\" \/><\/a> <a href=\"http:\/\/vincenzoconsolo.it\/wp-content\/uploads\/2016\/01\/scansione0013.jpg\"><img loading=\"lazy\" decoding=\"async\" class=\"alignnone size-medium wp-image-932\" src=\"http:\/\/vincenzoconsolo.it\/wp-content\/uploads\/2016\/01\/scansione0013-205x300.jpg\" alt=\"scansione0013\" width=\"205\" height=\"300\" srcset=\"https:\/\/vincenzoconsolo.it\/wp-content\/uploads\/2016\/01\/scansione0013-205x300.jpg 205w, https:\/\/vincenzoconsolo.it\/wp-content\/uploads\/2016\/01\/scansione0013-698x1024.jpg 698w, https:\/\/vincenzoconsolo.it\/wp-content\/uploads\/2016\/01\/scansione0013.jpg 952w\" sizes=\"(max-width: 205px) 100vw, 205px\" \/><\/a><\/p>\n<p><span style=\"color: #000080;\"><a style=\"color: #000080;\" href=\"http:\/\/vincenzoconsolo.it\/wp-content\/uploads\/2016\/01\/scansione0013.jpg\">Era il settembre 1963 quando il primo<span style=\"font-size: 21.75px; line-height: 0px;\">\u00a0<\/span>\u00a0romanzo di Vincenzo Consolo,\u00a0<em>La ferita dell&#8217;aprile, pubblicato da Mondadori nella collana\u00a0<\/em>\u00a0\u201cTornasole\u201d, diretto da Gallo e Sereni<\/a>\u00a0, 1963<\/span><\/p>\n<p>&nbsp;<\/p>\n<p><span style=\"color: #333399;\"> La ferita dell\u2019aprile<\/span><\/p>\n<p>&nbsp;<\/p>\n<p><span style=\"color: #333399;\"><em>Persone, fatti, luoghi sono immaginari. Reale \u00e8 il libro<\/em><\/span><\/p>\n<p><span style=\"color: #333399;\"><em>che dedico, con pudore, a mio padre.<\/em><\/span><\/p>\n<p>&nbsp;<\/p>\n<p><span style=\"color: #333399;\">Dei primi due anni che passai a viaggiare mi rimane la<\/span><\/p>\n<p><span style=\"color: #333399;\">strada arrotolata come un nastro, che posso svolgere: rivedere<\/span><\/p>\n<p><span style=\"color: #333399;\">i tornanti, i fossi, i tumuli di pietrisco incatramato,<\/span><\/p>\n<p><span style=\"color: #333399;\">la croce di ferro passionista; sentire ancora il sole sulla<\/span><\/p>\n<p><span style=\"color: #333399;\">coscia, l\u2019odore di beccume, la ruota che s\u2019affloscia, la naftalina<\/span><\/p>\n<p><span style=\"color: #333399;\">che svapora dai vestiti. La scuola me la ricordo appena.<\/span><\/p>\n<p><span style=\"color: #333399;\">C\u2019\u00e8 invece la corriera, la vecchiapregna, come diceva<\/span><\/p>\n<p><span style=\"color: #333399;\">Bitto, poich\u00e9, cos\u00ec scassata, era un miracolo se portava<\/span><\/p>\n<p><span style=\"color: #333399;\">gente. Del resto, il miglior tempo lo passai per essa: all\u2019alba,<\/span><\/p>\n<p><span style=\"color: #333399;\">nella piazza del paese, aspettando i passeggeri \u2013 malati<\/span><\/p>\n<p><span style=\"color: #333399;\">col cuscino del letto e la coperta, sbrigafaccende, proprietari<\/span><\/p>\n<p><span style=\"color: #333399;\">che avevano a che fare col Registro o col Catasto,<\/span><\/p>\n<p><span style=\"color: #333399;\">gente che si fermava alla marina o partiva col diretto per<\/span><\/p>\n<p><span style=\"color: #333399;\">Messina \u2013 e poi, alla stazione, dove faceva coincidenza con<\/span><\/p>\n<p><span style=\"color: #333399;\">l\u2019accelerato delle due e mezza.<\/span><\/p>\n<p><span style=\"color: #333399;\">Non so come cominciai ad aiutare Bitto, fatto sta che<\/span><\/p>\n<p><span style=\"color: #333399;\">mi vedo salire la scaletta, camminare sopra il tetto per sistemare<\/span><\/p>\n<p><span style=\"color: #333399;\">i colli, lanciargli, al segnale, il capo della corda<\/span><\/p>\n<p><span style=\"color: #333399;\">per legare.<\/span><\/p>\n<p><span style=\"color: #333399;\">Che posso ricordare di quegli anni di scuola e d\u2019Istituto<\/span><\/p>\n<p><span style=\"color: #333399;\">se li presi controvoglia al primo giorno, se Bitto mi sfotteva<\/span><\/p>\n<p><span style=\"color: #333399;\">per i libri e lusingava con la guida, la corriera, la vita<\/span><\/p>\n<p><span style=\"color: #333399;\">in movimento? Chiedevo anche \u00abbiglietto\u00bb con a tracolla<\/span><\/p>\n<p><span style=\"color: #333399;\">la borsetta nera, o correvo col cato alla fontana per levare<\/span><\/p>\n<p><span style=\"color: #333399;\">dai vetri il vomito delle donne e dei bambini.<\/span><\/p>\n<p><span style=\"color: #333399;\">\u00abMa che vai all\u2019Istituto, a sfacchinare?\u00bb chiedeva ma\u2019<\/span><\/p>\n<p><span style=\"color: #333399;\">vedendomi le mani lorde, la giacca con le macchie.<\/span><\/p>\n<p><span style=\"color: #333399;\">Come le cose belle, fin\u00ec la vita sopra la corriera dopo<\/span><\/p>\n<p><span style=\"color: #333399;\">che gli cantarono a zio Peppe di come Bitto m\u2019aveva preso<\/span><\/p>\n<p><span style=\"color: #333399;\">a picciottello. Mi sistem\u00f2 in una casa ch\u2019affittava e da<\/span><\/p>\n<p><span style=\"color: #333399;\">quel giorno entrai nell\u2019Istituto.[\u2026]<\/span><\/p>\n<p>&nbsp;<\/p>\n<pre style=\"text-align: justify;\"><\/pre>\n<p>&nbsp;<\/p>\n<pre style=\"text-align: justify;\"> \r\n <a href=\"http:\/\/vincenzoconsolo.it\/wp-content\/uploads\/2015\/06\/spasimor.jpg\"><img loading=\"lazy\" decoding=\"async\" class=\"alignnone size-medium wp-image-7\" src=\"http:\/\/vincenzoconsolo.it\/wp-content\/uploads\/2015\/06\/spasimor-195x300.jpg\" alt=\"spasimor\" width=\"195\" height=\"300\" srcset=\"https:\/\/vincenzoconsolo.it\/wp-content\/uploads\/2015\/06\/spasimor-195x300.jpg 195w, https:\/\/vincenzoconsolo.it\/wp-content\/uploads\/2015\/06\/spasimor.jpg 547w\" sizes=\"(max-width: 195px) 100vw, 195px\" \/>\r\n <\/a><\/pre>\n<pre style=\"text-align: justify;\"><\/pre>\n<p><span style=\"color: #333399;\">Lo spasimo di Palermo<\/span><br \/>\n<span style=\"color: #333399;\"><em>Lo spasimo di Palermo<\/em><em>\u00a0<\/em>\u00e8 un\u00a0<em>nostos,<\/em>\u00a0il racconto di un ritorno<\/span><\/p>\n<p><span style=\"color: #333399;\"> [\u2026] Chiuse il libro, prese la penna e scrisse.<\/span><\/p>\n<p><span style=\"color: #333399;\">Mauro, figlio mio,<\/span><\/p>\n<p><span style=\"color: #333399;\">s\u00ec, \u00e8 cos\u00ec che sempre ti ho chiamato e continuo a chiamarti:<\/span><\/p>\n<p><span style=\"color: #333399;\">figlio mio. Ora pi\u00f9 che mai, lontani come siamo, ridotti<\/span><\/p>\n<p><span style=\"color: #333399;\">in due diversi esili, il tuo forzato e il mio volontario in<\/span><\/p>\n<p><span style=\"color: #333399;\">questa citt\u00e0 infernale, in questa casa&#8230; smetto per timore<\/span><\/p>\n<p><span style=\"color: #333399;\">d\u2019irritarti coi lamenti.<\/span><\/p>\n<p><span style=\"color: #333399;\">Figlio, anche se da molto tempo tu mi neghi come padre.<\/span><\/p>\n<p><span style=\"color: #333399;\">So, Mauro, che non neghi me, ma tutti i padri, la mia generazione,<\/span><\/p>\n<p><span style=\"color: #333399;\">quella che non ha fatto la guerra, ma il dopoguerra,<\/span><\/p>\n<p><span style=\"color: #333399;\">che avrebbe dovuto ricostruire, dopo il disastro, questo Paese,<\/span><\/p>\n<p><span style=\"color: #333399;\">formare una nuova societ\u00e0, una civile, giusta convivenza.<\/span><\/p>\n<p><span style=\"color: #333399;\">Abbiamo fallito, prima di voi e come voi dopo, nel vostro<\/span><\/p>\n<p><span style=\"color: #333399;\">temerario azzardo.<\/span><\/p>\n<p><span style=\"color: #333399;\">Ci rinnegate, e a ragione, tu anzi con la lucida ragione<\/span><\/p>\n<p><span style=\"color: #333399;\">che sempre ha improntato la tua parola, la tua azione. Ragione<\/span><\/p>\n<p><span style=\"color: #333399;\">che hai negli anni tenacemente acuminato, mentre<\/span><\/p>\n<p><span style=\"color: #333399;\">in casa nostra dolorosamente rovinava, nell\u2019innocente tua<\/span><\/p>\n<p><span style=\"color: #333399;\">madre, in me, inerte, murato nel mio impegno, nel folle<\/span><\/p>\n<p><span style=\"color: #333399;\">azzardo letterario.<\/span><\/p>\n<p><span style=\"color: #333399;\">In quel modo volevo anch\u2019io rinnegare i padri, e ho compiuto<\/span><\/p>\n<p><span style=\"color: #333399;\">come te il parricidio. La parola \u00e8 forte, ma questa \u00e8.<\/span><\/p>\n<p><span style=\"color: #333399;\">Il mio primo, privato parricidio non \u00e8, al contrario del<\/span><\/p>\n<p><span style=\"color: #333399;\">tuo, metaforico, ma forse tremendamente vero, reale.<\/span><\/p>\n<p><span style=\"color: #333399;\">Tu sai dello sfollamento per la guerra a Rassal\u00e8mi, del<\/span><\/p>\n<p><span style=\"color: #333399;\">marabutto, dell\u2019atroce fine di mio padre, della madre di tua<\/span><\/p>\n<p><span style=\"color: #333399;\">madre, del contadino e del polacco. Non sono mai riuscito<\/span><\/p>\n<p><span style=\"color: #333399;\">a ricordare, o non ho voluto, se sono stato io a rivelare<\/span><\/p>\n<p><span style=\"color: #333399;\">a quei massacratori, a quei tedeschi spietati il luogo dove<\/span><\/p>\n<p><span style=\"color: #333399;\">era stato appena condotto il disertore. Sono certo ch\u2019io<\/span><\/p>\n<p><span style=\"color: #333399;\">credevo d\u2019odiare in quel momento mio padre, per la sua<\/span><\/p>\n<p><span style=\"color: #333399;\">autorit\u00e0, il suo essere uomo adulto con bisogni e con diritti<\/span><\/p>\n<p><span style=\"color: #333399;\">dai quali ero escluso, e ne soffrivo, come tutti i fanciulli<\/span><\/p>\n<p><span style=\"color: #333399;\">che cominciano a sentire nel padre l\u2019avversario.<\/span><\/p>\n<p><span style=\"color: #333399;\">Quella ferita grave, iniziale per mia fortuna s\u2019\u00e8 rimarginata<\/span><\/p>\n<p><span style=\"color: #333399;\">grazie a un padre ulteriore, a un non padre, a quello<\/span><\/p>\n<p><span style=\"color: #333399;\">scienziato poeta che fu lo zio Mauro. Ma non s\u2019\u00e8 rimarginata,<\/span><\/p>\n<p><span style=\"color: #333399;\">ahim\u00e8, in tua madre, nella mia Lucia, cresciuta con<\/span><\/p>\n<p><span style=\"color: #333399;\">l\u2019assenza della madre e con la presenza odiosa di quello<\/span><\/p>\n<p><span style=\"color: #333399;\">che formalmente era il padre.<\/span><\/p>\n<p><span style=\"color: #333399;\">Sappi che non per rimorso o pena io l\u2019ho sposata, ma<\/span><\/p>\n<p><span style=\"color: #333399;\">per profondo sentimento, precoce e inestinguibile. Quella<\/span><\/p>\n<p><span style=\"color: #333399;\">donna, tua madre, era per me la verit\u00e0 del mondo, la<\/span><\/p>\n<p><span style=\"color: #333399;\">grazia, l\u2019unica mia luce, e sempre viva.<\/span><\/p>\n<p><span style=\"color: #333399;\">La mia capacit\u00e0 d\u2019amare una creatura come lei \u00e8 stato<\/span><\/p>\n<p><span style=\"color: #333399;\">ancora un dono dello zio.<\/span><\/p>\n<p><span style=\"color: #333399;\">Al di l\u00e0 di questo, rimaneva in me il bisogno della rivolta<\/span><\/p>\n<p><span style=\"color: #333399;\">in altro ambito, nella scrittura. Il bisogno di trasferire<\/span><\/p>\n<p><span style=\"color: #333399;\">sulla carta \u2013 come avviene credo a chi \u00e8 vocato a scrivere<\/span><\/p>\n<p><span style=\"color: #333399;\">\u2013 il mio parricidio, di compierlo con logico progetto, o<\/span><\/p>\n<p><span style=\"color: #333399;\">metodo nella follia, come dice il grande Tizio, per mezzo<\/span><\/p>\n<p><span style=\"color: #333399;\">d\u2019una lingua che fosse contraria a ogni altra logica, fiduciosamente<\/span><\/p>\n<p><span style=\"color: #333399;\">comunicativa, di padri o fratelli \u2013 confr\u00e8res \u2013<\/span><\/p>\n<p><span style=\"color: #333399;\">pi\u00f9 anziani, involontari complici pensavo dei responsabili<\/span><\/p>\n<p><span style=\"color: #333399;\">del disastro sociale.<\/span><\/p>\n<p><span style=\"color: #333399;\">Ho fatto come te, se permetti, la mia lotta, e ho pagato<\/span><\/p>\n<p><span style=\"color: #333399;\">con la sconfitta, la dimissione, l\u2019abbandono della penna.<\/span><\/p>\n<p><span style=\"color: #333399;\">Compatisci, Mauro, questo lungo dire di me. \u00c8 debolezza<\/span><\/p>\n<p><span style=\"color: #333399;\">d\u2019un vecchio, desiderio estremo di confessare finalmente,<\/span><\/p>\n<p><span style=\"color: #333399;\">di chiarire.<\/span><\/p>\n<p><span style=\"color: #333399;\">Questa citt\u00e0, lo sai, \u00e8 diventata un campo di battaglia,<\/span><\/p>\n<p><span style=\"color: #333399;\">un macello quotidiano. Sparano, fanno esplodere tritolo,<\/span><\/p>\n<p><span style=\"color: #333399;\">straziano vite umane, carbonizzano corpi, spiaccicano<\/span><\/p>\n<p><span style=\"color: #333399;\">membra su alberi e asfalto \u2013 ah l\u2019infernale cratere sulla<\/span><\/p>\n<p><span style=\"color: #333399;\">strada per l\u2019aeroporto! \u2013 \u00c8 una furia bestiale, uno sterminio.<\/span><\/p>\n<p><span style=\"color: #333399;\">Si ammazzano tra di loro, i mafiosi, ma il principale<\/span><\/p>\n<p><span style=\"color: #333399;\">loro obiettivo sono i giudici, questi uomini diversi da<\/span><\/p>\n<p><span style=\"color: #333399;\">quelli d\u2019appena ieri o ancora attivi, giudici di nuova cultura,<\/span><\/p>\n<p><span style=\"color: #333399;\">di salda etica e di totale impegno costretti a combat-<\/span><\/p>\n<p><span style=\"color: #333399;\">tere su due fronti, quello interno delle istituzioni, del corpo<\/span><\/p>\n<p><span style=\"color: #333399;\">loro stesso giudiziario, asservito al potere o nostalgico<\/span><\/p>\n<p><span style=\"color: #333399;\">del boia, dei governanti complici e sostenitori dei mafiosi,<\/span><\/p>\n<p><span style=\"color: #333399;\">da questi sostenuti, e quello esterno delle cosche, che qui<\/span><\/p>\n<p><span style=\"color: #333399;\">hanno la loro prima linea, ma la cui guerra \u00e8 contro lo Stato,<\/span><\/p>\n<p><span style=\"color: #333399;\">gli Stati per il dominio dell\u2019illegalit\u00e0, il comando dei<\/span><\/p>\n<p><span style=\"color: #333399;\">pi\u00f9 immondi traffici.<\/span><\/p>\n<p><span style=\"color: #333399;\">Ma ti parlo di fatti noti, diffusi dalle cronache, consegnati<\/span><\/p>\n<p><span style=\"color: #333399;\">alla pi\u00f9 recente storia.<\/span><\/p>\n<p><span style=\"color: #333399;\">Voglio solo comunicarti le mie impressioni su questa<\/span><\/p>\n<p><span style=\"color: #333399;\">realt\u00e0 in cui vivo.<\/span><\/p>\n<p><span style=\"color: #333399;\">Dopo l\u2019assassinio in maggio del giudice, della moglie<\/span><\/p>\n<p><span style=\"color: #333399;\">e delle guardie, dopo i tumultuosi funerali, la rabbia, le<\/span><\/p>\n<p><span style=\"color: #333399;\">urla, il furore della gente, dopo i cortei, le notturne fiaccolate,<\/span><\/p>\n<p><span style=\"color: #333399;\">i simboli agitati del cordoglio e del rimpianto, in<\/span><\/p>\n<p><span style=\"color: #333399;\">questo luglio di fervore stagno sopra la conca di cemento,<\/span><\/p>\n<p><span style=\"color: #333399;\">di luce incandescente che vanisce il mondo, greve di<\/span><\/p>\n<p><span style=\"color: #333399;\">profumi e di miasmi, tutto sembra assopito, lontano. Sembra<\/span><\/p>\n<p><span style=\"color: #333399;\">di vivere ora in una strana sospensione, in un\u2019attesa.<\/span><\/p>\n<p><span style=\"color: #333399;\">Ho conosciuto un giudice, procuratore aggiunto, che<\/span><\/p>\n<p><span style=\"color: #333399;\">lavorava gi\u00e0 con l\u2019altro ucciso, un uomo che sembra aver<\/span><\/p>\n<p><span style=\"color: #333399;\">celato la sua natura affabile, sentimentale dietro la corazza<\/span><\/p>\n<p><span style=\"color: #333399;\">del rigore, dell\u2019asprezza. Lo vedo qualche volta dalla<\/span><\/p>\n<p><span style=\"color: #333399;\">finestra giungere con la scorta in questa via d\u2019Astorga<\/span><\/p>\n<p><span style=\"color: #333399;\">per far visita all\u2019anziana madre che abita nel palazzo antistante.<\/span><\/p>\n<p><span style=\"color: #333399;\">Lo vedo sempre pi\u00f9 pallido, teso, l\u2019eterna sigaretta<\/span><\/p>\n<p><span style=\"color: #333399;\">fra le dita. Mi fa pena, credimi, e ogni altro impegnato in<\/span><\/p>\n<p><span style=\"color: #333399;\">questa lotta. Sono persone che vogliono ripristinare, contro<\/span><\/p>\n<p><span style=\"color: #333399;\">quello criminale, il potere dello Stato, il rispetto delle<\/span><\/p>\n<p><span style=\"color: #333399;\">sue leggi. Sembrano figli, loro, di un disfatto padre, minato<\/span><\/p>\n<p><span style=\"color: #333399;\">da misterioso male, che si ostinano a far vivere, restituirgli<\/span><\/p>\n<p><span style=\"color: #333399;\">autorit\u00e0 e comando.<\/span><\/p>\n<p><span style=\"color: #333399;\">Quando esce dalla macchina, attraversa la strada, s\u2019infila<\/span><\/p>\n<p><span style=\"color: #333399;\">nel portone, vedo allora sulle spalle del mio procuratore<\/span><\/p>\n<p><span style=\"color: #333399;\">aggiunto il mantello nero di Judex, l\u2019eroe del film<\/span><\/p>\n<p><span style=\"color: #333399;\">spezzato nella mia lontana infanzia, che ho congiunto, finito<\/span><\/p>\n<p><span style=\"color: #333399;\">di vedere \u2013 ricordi? \u2013 alla Gaumont.<\/span><\/p>\n<p><span style=\"color: #333399;\">Un paradosso questo del mantello nero in cui si muta<\/span><\/p>\n<p><span style=\"color: #333399;\">qui la toga di chi inquisisce e giudica usando la forza della<\/span><\/p>\n<p><span style=\"color: #333399;\">legge. E per me anche letterario. Voglio dire: oltre che in<\/span><\/p>\n<p><span style=\"color: #333399;\">Inghilterra, nella Francia dello Stato e del Diritto \u00e8 fiorita<\/span><\/p>\n<p><span style=\"color: #333399;\">la figura del giustiziere che giudica e sentenzia fuori dalle<\/span><\/p>\n<p><span style=\"color: #333399;\">leggi. Balzac, Dumas, Sue ne sono i padri, con filiazioni<\/span><\/p>\n<p><span style=\"color: #333399;\">vaste, fino al Bern\u00e8de e al Feuillade di <em>Judex <\/em>e al Natoli<\/span><\/p>\n<p><span style=\"color: #333399;\">nostro, il cui <em>Beati Paoli <\/em>\u00e8 stato il vangelo dei picciotti.<\/span><\/p>\n<p><span style=\"color: #333399;\">In questo Paese invece, in quest\u2019accozzaglia di famiglie,<\/span><\/p>\n<p><span style=\"color: #333399;\">questo materno confessionale d\u2019assolvenza, dove lo stato<\/span><\/p>\n<p><span style=\"color: #333399;\">\u00e8 occupato da cosche o segrete sette di D\u00e9vorants, da tenebrosi<\/span><\/p>\n<p><span style=\"color: #333399;\">e onnipotenti Ferragus o Cagliostri, dove tutti ci<\/span><\/p>\n<p><span style=\"color: #333399;\">impegniamo, governanti e cittadini, ad eludere le leggi, a<\/span><\/p>\n<p><span style=\"color: #333399;\">delinquere, il giudice che applica le leggi ci appare come<\/span><\/p>\n<p><span style=\"color: #333399;\">un Judex, un giustiziere insopportabile, da escludere, rimuovere.<\/span><\/p>\n<p><span style=\"color: #333399;\">O da uccidere.<\/span><\/p>\n<p><span style=\"color: #333399;\">Ancora questa mattina, come ogni domenica, sono andato<\/span><\/p>\n<p><span style=\"color: #333399;\">ai R\u00f2toli a portare i gelsomini. C\u2019\u00e8 un fioraio qui,<\/span><\/p>\n<p><span style=\"color: #333399;\">all\u2019angolo della strada, che me li vende, mastr\u2019 Erasmo,<\/span><\/p>\n<p><span style=\"color: #333399;\">che ha un pezzetto di terra a Maredolce. \u00c8 un vecchietto<\/span><\/p>\n<p><span style=\"color: #333399;\">originale, simpatico, che parla per proverbi. Oggi, nel darmi<\/span><\/p>\n<p><span style=\"color: #333399;\">i fiori, ne ha detto uno strano, allarmante per una parola,<\/span><\/p>\n<p><span style=\"color: #333399;\">marabutto, che mi tornava da dolorosa lontananza&#8230;<\/span><\/p>\n<p><span style=\"color: #333399;\">Lo interruppe lo squillo del telefono. Era Michela che<\/span><\/p>\n<p><span style=\"color: #333399;\">gridava, piangendo:<\/span><\/p>\n<p><span style=\"color: #333399;\">\u00abDon Gioacchino, presto, esca di casa, scappi subito,<\/span><\/p>\n<p><span style=\"color: #333399;\">lontano!\u00bb<\/span><\/p>\n<p><span style=\"color: #333399;\">Riattacc\u00f2. Gioacchino rest\u00f2 interdetto, smarrito. Sent\u00ec<\/span><\/p>\n<p><span style=\"color: #333399;\">nella strada deserta, silenziosa, i motori forti, lo sgommare<\/span><\/p>\n<p><span style=\"color: #333399;\">delle auto blindate.<\/span><\/p>\n<p><span style=\"color: #333399;\">Guard\u00f2 gi\u00f9. Erano il giudice e la scorta. Vide improvvi-<\/span><\/p>\n<p><span style=\"color: #333399;\">samente chiaro. Cap\u00ec. Si precipit\u00f2 fuori, corse per le scale,<\/span><\/p>\n<p><span style=\"color: #333399;\">varc\u00f2 il portone, fu sulla strada.<\/span><\/p>\n<p><span style=\"color: #333399;\">\u00abSignor giudice, giudice&#8230;\u00bb I poliziotti lo fermarono,<\/span><\/p>\n<p><span style=\"color: #333399;\">gl\u2019impedirono d\u2019accostarsi. Sembr\u00f2 loro un vecchio pazzo,<\/span><\/p>\n<p><span style=\"color: #333399;\">un reclamante.<\/span><\/p>\n<p><span style=\"color: #333399;\">Il giudice si volse appena, non lo riconobbe. Davanti al<\/span><\/p>\n<p><span style=\"color: #333399;\">portone, premette il campanello.<\/span><\/p>\n<p><span style=\"color: #333399;\">E fu in quell\u2019istante il gran boato, il ferro e il fuoco, lo<\/span><\/p>\n<p><span style=\"color: #333399;\">squarcio d\u2019ogni cosa, la rovina, lo strazio, il ludibrio delle<\/span><\/p>\n<p><span style=\"color: #333399;\">carni, la morte che galoppa trionfante.<\/span><\/p>\n<p><span style=\"color: #333399;\">Il fioraio, l\u00e0 in fondo, venne scaraventato a terra con il<\/span><\/p>\n<p><span style=\"color: #333399;\">suo banchetto, coperto di polvere, vetri, calcinacci.<\/span><\/p>\n<p><span style=\"color: #333399;\">Si sollev\u00f2 stordito, sanguinante, alz\u00f2 le braccia, gli occhi<\/span><\/p>\n<p><span style=\"color: #333399;\">verso il cielo fosco.<\/span><\/p>\n<p><span style=\"color: #333399;\">Cerc\u00f2 di dire, ma dalle secche labbra non venne suono.<\/span><\/p>\n<p><span style=\"color: #333399;\">Implor\u00f2 muto<\/span><\/p>\n<p><span style=\"color: #333399;\"><em>O gran mano di Diu, ca tantu pisi,<\/em><\/span><\/p>\n<p><span style=\"color: #333399;\"><em>cala, manu di Diu, fatti palisi!<\/em><\/span><\/p>\n<p>pubblicato nel 1998<\/p>\n","protected":false},"excerpt":{"rendered":"<p>Era il settembre 1963 quando il primo\u00a0\u00a0romanzo di Vincenzo Consolo,\u00a0La ferita dell&#8217;aprile, pubblicato da Mondadori nella collana\u00a0\u00a0\u201cTornasole\u201d, diretto da Gallo e Sereni\u00a0, 1963 &nbsp; La ferita dell\u2019aprile &nbsp; Persone, fatti, luoghi sono immaginari. Reale \u00e8 il libro che dedico, con pudore, a mio padre. &nbsp; Dei primi due anni che passai a viaggiare mi rimane &hellip; <a href=\"https:\/\/vincenzoconsolo.it\/?p=930\" class=\"more-link\">Continua a leggere <span class=\"screen-reader-text\">Un ricordo di Vincenzo Consolo<\/span><\/a><\/p>\n","protected":false},"author":1,"featured_media":0,"comment_status":"open","ping_status":"open","sticky":false,"template":"","format":"standard","meta":{"footnotes":""},"categories":[5,7,1,9],"tags":[23,35,36,37,20,38,39,40,18],"_links":{"self":[{"href":"https:\/\/vincenzoconsolo.it\/index.php?rest_route=\/wp\/v2\/posts\/930"}],"collection":[{"href":"https:\/\/vincenzoconsolo.it\/index.php?rest_route=\/wp\/v2\/posts"}],"about":[{"href":"https:\/\/vincenzoconsolo.it\/index.php?rest_route=\/wp\/v2\/types\/post"}],"author":[{"embeddable":true,"href":"https:\/\/vincenzoconsolo.it\/index.php?rest_route=\/wp\/v2\/users\/1"}],"replies":[{"embeddable":true,"href":"https:\/\/vincenzoconsolo.it\/index.php?rest_route=%2Fwp%2Fv2%2Fcomments&post=930"}],"version-history":[{"count":11,"href":"https:\/\/vincenzoconsolo.it\/index.php?rest_route=\/wp\/v2\/posts\/930\/revisions"}],"predecessor-version":[{"id":944,"href":"https:\/\/vincenzoconsolo.it\/index.php?rest_route=\/wp\/v2\/posts\/930\/revisions\/944"}],"wp:attachment":[{"href":"https:\/\/vincenzoconsolo.it\/index.php?rest_route=%2Fwp%2Fv2%2Fmedia&parent=930"}],"wp:term":[{"taxonomy":"category","embeddable":true,"href":"https:\/\/vincenzoconsolo.it\/index.php?rest_route=%2Fwp%2Fv2%2Fcategories&post=930"},{"taxonomy":"post_tag","embeddable":true,"href":"https:\/\/vincenzoconsolo.it\/index.php?rest_route=%2Fwp%2Fv2%2Ftags&post=930"}],"curies":[{"name":"wp","href":"https:\/\/api.w.org\/{rel}","templated":true}]}}