{"id":400,"date":"2010-06-19T15:48:02","date_gmt":"2010-06-19T15:48:02","guid":{"rendered":"http:\/\/vincenzoconsolo.it\/?p=400"},"modified":"2015-08-07T15:52:34","modified_gmt":"2015-08-07T15:52:34","slug":"vincenzo-consolo-era-coraggioso-come-pochi","status":"publish","type":"post","link":"https:\/\/vincenzoconsolo.it\/?p=400","title":{"rendered":"Vincenzo Consolo &#8221; Era coraggioso come pochi &#8220;"},"content":{"rendered":"<p>Consolo: &#8220;Era coraggioso come pochi&#8221;<br \/>\nDi Roberto Carnero 19 giugno 2010<br \/>\n<a href=\"http:\/\/vincenzoconsolo.it\/wp-content\/uploads\/2015\/08\/2433165922.jpg\"><img loading=\"lazy\" decoding=\"async\" class=\"alignnone size-medium wp-image-401\" src=\"http:\/\/vincenzoconsolo.it\/wp-content\/uploads\/2015\/08\/2433165922-300x251.jpg\" alt=\"2433165922\" width=\"300\" height=\"251\" srcset=\"https:\/\/vincenzoconsolo.it\/wp-content\/uploads\/2015\/08\/2433165922-300x251.jpg 300w, https:\/\/vincenzoconsolo.it\/wp-content\/uploads\/2015\/08\/2433165922.jpg 304w\" sizes=\"(max-width: 300px) 100vw, 300px\" \/><\/a><br \/>\nCon Saramago perdiamo un autore di alta letteratura e di profondo impegno civile\u00bb. In questo binomio \u2013 qualit\u00e0 letteraria coniugata con un\u2019attenzione sempre vigile alla realt\u00e0 circostante \u2013 uno dei pi\u00f9 importanti autori italiani, Vincenzo Consolo, individua la peculiarit\u00e0 del lavoro di Jos\u00e9 Saramago. E ricorda un rapporto di amicizia quasi trentennale con lo scrittore portoghese, che conobbe all\u2019inizio degli anni \u201980 in Sicilia, la terra d\u2019origine di Consolo.<\/p>\n<p>In che occasione ha conosciuto Saramago?<br \/>\n\u00abFu a un convegno letterario organizzato a Catania, al quale ricordo che parteci\u00f2 anche Leonardo Sciascia. In quell\u2019occasione feci da cicerone a Saramago, che portai a visitare il Convento dei Benedettini, ricordato nei Vicer\u00e9 di Federico De Roberto, un romanzo che Saramago conosceva bene\u00bb. Avete avuto modo di incontrarvi altre volte? \u00abS\u00ec, in diverse circostanze. Abbiamo mantenuto un rapporto costante negli anni. Ricordo, in particolare, un viaggio che compimmo nel 2002 con un gruppo di scrittori di diversi Paesi europei, organizzato dall\u2019Unione Europea. Visitammo anche la Striscia di Gaza e nel constatare le terribili condizioni di vita della popolazione palestinese Saramago ebbe una reazione molto forte, pronunciando parole estremamente dure. Pronunci\u00f2, cio\u00e8, qualcosa di impronunciabile, parlando apertamente di crimine contro l\u2019umanit\u00e0. La reazione del governo israeliano fu molto determinata: i libri di Saramago vennero immediatamente ritirati dalle librerie\u00bb.<\/p>\n<p>Come ricorda il suo carattere?<br \/>\n\u00abQuesto era l\u2019uomo: un uomo coraggioso, privo di autocensure, sempre disposto a dire apertamente ci\u00f2 che pensava. Come prova l\u2019episodio che ho appena rievocato. Non aveva cautele diplomatiche. Era schietto, diretto, a costo di essere fastidioso. Era una persona trasparente. Dotata di una grande capacit\u00e0 di empatia. Era innamoratissimo della sua seconda moglie, con la quale, quando era lontano da casa, passava delle intere mezz\u2019ore al telefono\u00bb.<\/p>\n<p>Come mai era cos\u00ec importante per lui la dimensione dell\u2019impegno civile?<br \/>\n\u00abLo si capisce facilmente se si guarda alla sua provenienza. Lui veniva dal giornalismo, da giovane, durante gli anni della dittatura di Salazar, aveva lavorato nel giornalismo d\u2019opposizione. Pur essendo poi passato alla narrativa, non ha mai dimenticato di essere partito da l\u00ec. E ha mantenuto la forma mentis del bravo cronista, del giornalista d\u2019inchiesta\u00bb.<\/p>\n<p>Quale dei suoi libri le \u00e8 pi\u00f9 caro?<br \/>\n\u00abSono molte le opere che l\u2019hanno reso grande e che ho amato. Da Memoriale del convento a La zattera di pietra, fino a Storia dell\u2019assedio di Lisbona. Un libro come Cecit\u00e0 \u00e8 una grande metafora della nostra condizione attuale: una condizione di accecamento generale, specchio del mondo d\u2019oggi\u00bb.<\/p>\n<p>In particolare in Italia, forse. Non \u00e8 un caso che Einaudi, una casa editrice del gruppo Mondadori (la cui propriet\u00e0 \u00e8 riferibile alla famiglia Berlusconi), si sia rifiutata di pubblicare uno dei suoi ultimi libri, \u00abIl quaderno\u00bb (poi edito da Bollati Boringhieri), perch\u00e9 conteneva critiche al nostro Presidente del Consiglio. Ha avuto modo di raccogliere le sue reazioni su questa vicenda?<br \/>\n\u00abNo, e devo dire che ho volutamente evitato di farlo. Perch\u00e9 mi \u00e8 sembrata una storia davvero sgradevole, un caso di censura bella e buona, particolarmente grave visto che colpiva un autore della sua statura. E mi ha spinto a riflettere su come un\u2019attivit\u00e0 come la letteratura, per molti versi oggi considerata marginale, abbia evidentemente ancora la capacit\u00e0 di disturbare i poteri forti. Autori come Saramago e come Roberto Saviano danno fastidio ai potenti, politici o criminali che siano, perch\u00e9 dicono la verit\u00e0, spiattellano con candore le tante piccole e grandi scomode verit\u00e0 che spesso facciamo prima a non vedere. O che il potere mediatico ci impedisce di vedere, rincitrullendo e rimbambendo la gente con ore e ore di programmi tv stupidi, superficiali e sostanzialmente vuoti. Ecco perch\u00e9 la perdita di uno scrittore come Saramago \u00e8 gravissima: perch\u00e9 sono pochi quelli che come lui, in un panorama letterario per molti aspetti desolante, continuano a concepire il lavoro della scrittura in questi termini cos\u00ec ampi\u00bb.<\/p>\n<p>L\u2019altro suo bersaglio polemico, soprattutto negli ultimi anni, era diventato la religione. Da dove derivava questa attenzione al fenomeno religioso?<br \/>\n\u00abAnche questa critica alle religioni rivelate si inserisce nella pi\u00f9 ampia critica al potere. Saramago attaccava le grandi fedi monoteiste, in particolare il cattolicesimo da cui proveniva per formazione e l\u2019islam nelle sue derive fondamentaliste, a partire da una matrice laica e razionalista. Lo si vede bene anche nel suo ultimo libro, pubblicato poche settimane fa da Feltrinelli, Caino, che \u00e8 una rilettura della Bibbia fatta in maniera del tutto anticonvenzionale\u00bb.<\/p>\n","protected":false},"excerpt":{"rendered":"<p>Consolo: &#8220;Era coraggioso come pochi&#8221; Di Roberto Carnero 19 giugno 2010 Con Saramago perdiamo un autore di alta letteratura e di profondo impegno civile\u00bb. In questo binomio \u2013 qualit\u00e0 letteraria coniugata con un\u2019attenzione sempre vigile alla realt\u00e0 circostante \u2013 uno dei pi\u00f9 importanti autori italiani, Vincenzo Consolo, individua la peculiarit\u00e0 del lavoro di Jos\u00e9 Saramago. &hellip; <a href=\"https:\/\/vincenzoconsolo.it\/?p=400\" class=\"more-link\">Continua a leggere <span class=\"screen-reader-text\">Vincenzo Consolo &#8221; Era coraggioso come pochi &#8220;<\/span><\/a><\/p>\n","protected":false},"author":1,"featured_media":0,"comment_status":"open","ping_status":"open","sticky":false,"template":"","format":"standard","meta":{"footnotes":""},"categories":[1,2],"tags":[],"_links":{"self":[{"href":"https:\/\/vincenzoconsolo.it\/index.php?rest_route=\/wp\/v2\/posts\/400"}],"collection":[{"href":"https:\/\/vincenzoconsolo.it\/index.php?rest_route=\/wp\/v2\/posts"}],"about":[{"href":"https:\/\/vincenzoconsolo.it\/index.php?rest_route=\/wp\/v2\/types\/post"}],"author":[{"embeddable":true,"href":"https:\/\/vincenzoconsolo.it\/index.php?rest_route=\/wp\/v2\/users\/1"}],"replies":[{"embeddable":true,"href":"https:\/\/vincenzoconsolo.it\/index.php?rest_route=%2Fwp%2Fv2%2Fcomments&post=400"}],"version-history":[{"count":1,"href":"https:\/\/vincenzoconsolo.it\/index.php?rest_route=\/wp\/v2\/posts\/400\/revisions"}],"predecessor-version":[{"id":402,"href":"https:\/\/vincenzoconsolo.it\/index.php?rest_route=\/wp\/v2\/posts\/400\/revisions\/402"}],"wp:attachment":[{"href":"https:\/\/vincenzoconsolo.it\/index.php?rest_route=%2Fwp%2Fv2%2Fmedia&parent=400"}],"wp:term":[{"taxonomy":"category","embeddable":true,"href":"https:\/\/vincenzoconsolo.it\/index.php?rest_route=%2Fwp%2Fv2%2Fcategories&post=400"},{"taxonomy":"post_tag","embeddable":true,"href":"https:\/\/vincenzoconsolo.it\/index.php?rest_route=%2Fwp%2Fv2%2Ftags&post=400"}],"curies":[{"name":"wp","href":"https:\/\/api.w.org\/{rel}","templated":true}]}}