{"id":3436,"date":"2024-02-18T08:23:34","date_gmt":"2024-02-18T08:23:34","guid":{"rendered":"https:\/\/vincenzoconsolo.it\/?p=3436"},"modified":"2024-02-18T08:23:34","modified_gmt":"2024-02-18T08:23:34","slug":"per-consolo-18-febbraio-2024","status":"publish","type":"post","link":"https:\/\/vincenzoconsolo.it\/?p=3436","title":{"rendered":"Per Consolo, 18 febbraio 2024"},"content":{"rendered":"\n<p><\/p>\n\n\n\n<p>Caro Claudio,<\/p>\n\n\n\n<p>a te posso confidare un moto d\u2019animo e un pensiero che mi visitano in questi giorni prossimi al 18 febbraio. E posso farlo, perch\u00e9 so che mi capisci, essendo tu, come ho avuto modo di constatare in tutti questi anni, in sintonia con me riguardo al rapporto di amicizia di cui ci ha entrambi onorato \u2013 te in modo specialissimo e unico \u2013 il carissimo Vincenzo Consolo, che per noi \u00e8 stato solo Enzo. Devo precisare che ti scrivo, sforzandomi di superare una certa remora nell\u2019espormi e nel parlare della dimensione di vita privata del nostro comune amico. Lui vivente, infatti, fui sempre, costantemente fedele a una linea di riserbo amicale e rispettoso di lui e delle sue scelte personali, cosa, questa, che ci permise di cementare la nostra amicizia, come tu ben sai. Anche dopo il suo trapasso ho mantenuto tale riserbo, cedendo solo poche volte davanti a precise richieste di amici comuni in occasione di convegni o libri a lui e alla sua opera dedicati. Ogni anno ero puntualmente tra i primi a telefonargli per gli auguri di buon compleanno, e lui era felice di riceverli, profondendosi in ringraziamenti e confidenze amicali, come faceva tutte le volte che ci sentivamo. Il pi\u00f9 delle volte mi annunciava che avrebbe festeggiato la ricorrenza con il carissimo Corrado Stajano e la moglie di lui, Giovanna Borgese. Andavano a cena insieme, per condividere pasti e pensieri di vita in piacevole conversazione. Ci\u00f2 mi fa immancabilmente ricordare due cose che in lui erano presenti, andando in perfetta sintonia e armonia: il piacere della convivialit\u00e0 e la capacit\u00e0, che Enzo aveva, di tenere viva la conversazione ridendo e spesso anche motteggiando, spingendosi persino a raccontare qualche barzelletta, quando se ne davano l\u2019atmosfera e il momento propizio. Ricordo con piacere alcuni pranzi e cene consumati, anche insieme con altri comuni amici, nella mia casa dei L\u00e0ufi, dove egli venne tante volte e che ricord\u00f2 nell<em>\u2019Olivo e l\u2019olivastro.<\/em> <br><em> <\/em>Ricordo quando una volta, unitamente a Pino e Gina Di Silvestro, pranzando con lui e i suoi nella sua casa di Sant\u2019Agata di Militello, mentre gustavamo i maccheroni confezionati a mano e cucinati dalla sorella Teresa, colei che, rimasta nubile, era stata la sua prima maestra, come lui orgogliosamente asseriva, rivolto a costei ridendo, le disse: <em>Teresa, tu vai di l\u00e0, perch\u00e9 non puoi sentire questa barzelletta che sto per raccontare. <\/em>E la barzelletta, pensa un po\u2019, riguardava Pier Paolo Pasolini. S\u00ec, perch\u00e9 Vincenzo Consolo era anche questo, un uomo a tutto tondo, che sapeva calibrare tempi e modi nella sua vita di relazione, specialmente con gli amici che stimava, e nella sua vita di uomo di cultura. Conservo il ricordo delle tante risate che con lui ho avuto modo di fare, grazie al suo spirito critico e ironico, di cui sapeva servirsi nei momenti opportuni. Tutto questo tu, caro Claudio, lo sai benissimo. Consolo fu l\u2019uomo che rifiut\u00f2 sempre il mercato pubblicitario e l\u2019esposizione mediatica &#8212; che sono l\u2019anima dei talk show televisivi, per i quali si assoggettano a passare quelli che aspirano a un attimo di sia pure fugace notoriet\u00e0 &#8211;, ma che era capace di sintonizzarsi perfettamente su onde di umanit\u00e0 autentica e onesta. Ricordo che si rifiut\u00f2 di incontrare Pippo Baudo, il quale avrebbe voluto conoscerlo personalmente, quando questi si trovava, ospite anch\u2019egli come Enzo dell\u2019hotel Eloro in occasione di un concerto estivo che la moglie del presentatore, Katia Ricciarelli, tenne davanti a palazzo Ducezio a Noto nell\u2019estate, mi pare, del 1988. Prefer\u00ec venire a cena da me ai L\u00e0ufi. Quante volte, tu sai bene, chiuse di botto rapporti amicali a causa di dissonanze ideali! Coraggiosa misura di equilibrio personale, questa, non facilmente accessibile ai pi\u00f9, specialmente negli ultimi decenni della nostra epoca, e pure per lui gravida di conseguenze in ordine alle critiche grossolane che poteva provocare e alle invidiuzze di mestiere che poteva suscitare. Ma lui fu sempre fedele a s\u00e9 stesso, pagando il prezzo della disillusione nei riguardi di tanti, che pure in alcuni casi aveva aiutato, e il prezzo dell\u2019isolamento in cui si tent\u00f2 di cacciarlo.<\/p>\n\n\n\n<figure class=\"wp-block-image size-large\"><a href=\"https:\/\/vincenzoconsolo.it\/wp-content\/uploads\/2024\/02\/5582655c-3422-4536-bfd0-ed605c98e6d9-1-rotated.jpg\"><img loading=\"lazy\" decoding=\"async\" width=\"1024\" height=\"768\" src=\"https:\/\/vincenzoconsolo.it\/wp-content\/uploads\/2024\/02\/5582655c-3422-4536-bfd0-ed605c98e6d9-1-1024x768.jpg\" alt=\"\" class=\"wp-image-3438\" srcset=\"https:\/\/vincenzoconsolo.it\/wp-content\/uploads\/2024\/02\/5582655c-3422-4536-bfd0-ed605c98e6d9-1-1024x768.jpg 1024w, https:\/\/vincenzoconsolo.it\/wp-content\/uploads\/2024\/02\/5582655c-3422-4536-bfd0-ed605c98e6d9-1-300x225.jpg 300w, https:\/\/vincenzoconsolo.it\/wp-content\/uploads\/2024\/02\/5582655c-3422-4536-bfd0-ed605c98e6d9-1-768x576.jpg 768w, https:\/\/vincenzoconsolo.it\/wp-content\/uploads\/2024\/02\/5582655c-3422-4536-bfd0-ed605c98e6d9-1-1536x1153.jpg 1536w, https:\/\/vincenzoconsolo.it\/wp-content\/uploads\/2024\/02\/5582655c-3422-4536-bfd0-ed605c98e6d9-1-rotated.jpg 1599w\" sizes=\"(max-width: 1024px) 100vw, 1024px\" \/><\/a><\/figure>\n\n\n\n<p>Amo e voglio ricordare, nella imminente ricorrenza, l\u2019amico Enzo, che a casa mia, tanto ai L\u00e0ufi quanto nella mia casa di Avola, si apriva alla condivisione sia dei pasti sia dei pensieri e dei sentimenti di vita positiva e creativa; l\u2019amico che spesso mi telefonava, per chiedermi informazioni e notizie su termini siciliani e su tradizioni popolari o su mille altre cose occasionali di cui scriveva nei quotidiani; l\u2019amico che amava andare in giro con me, ascoltandomi nelle perlustrazioni del territorio che insieme facevamo nonch\u00e9 nelle belle conversazioni da cui io imparavo tanto; l\u2019amico cui presentavo spesso miei alunni di liceo che desideravano conoscerlo di persona, dopo averne letto i libri e che egli a casa mia accoglieva con piacere, offrendosi generosamente alle loro domande; l\u2019amico che, pur nelle sofferenze per i dolori del mondo, che lo tormentavano e che di lui e della sua parola poetica rivelavano l\u2019aspetto profetico, amava la vita, come dimostra la sua indefessa militanza di testimone del suo tempo.<\/p>\n\n\n\n<p>&nbsp;&nbsp;&nbsp;&nbsp;&nbsp;&nbsp;&nbsp;&nbsp;&nbsp;&nbsp;&nbsp;&nbsp;&nbsp;&nbsp;&nbsp;&nbsp;&nbsp;&nbsp;&nbsp;&nbsp;&nbsp;&nbsp;&nbsp;&nbsp;&nbsp;&nbsp;&nbsp;&nbsp;&nbsp;&nbsp;&nbsp;&nbsp;&nbsp;&nbsp; Cordialmente<\/p>\n\n\n\n<p>\u00a0\u00a0\u00a0\u00a0\u00a0\u00a0\u00a0\u00a0\u00a0\u00a0\u00a0\u00a0\u00a0\u00a0\u00a0\u00a0\u00a0\u00a0\u00a0\u00a0\u00a0\u00a0\u00a0\u00a0\u00a0\u00a0\u00a0\u00a0\u00a0\u00a0\u00a0\u00a0\u00a0\u00a0\u00a0\u00a0\u00a0\u00a0\u00a0\u00a0\u00a0\u00a0\u00a0\u00a0\u00a0\u00a0\u00a0\u00a0\u00a0\u00a0\u00a0\u00a0\u00a0\u00a0\u00a0\u00a0\u00a0\u00a0\u00a0\u00a0\u00a0\u00a0\u00a0\u00a0 Sebastiano Burgaretta<br><\/p>\n\n\n\n<figure class=\"wp-block-image size-large\"><a href=\"https:\/\/vincenzoconsolo.it\/wp-content\/uploads\/2024\/02\/20220126_170423-scaled.jpg\"><img loading=\"lazy\" decoding=\"async\" width=\"1024\" height=\"778\" src=\"https:\/\/vincenzoconsolo.it\/wp-content\/uploads\/2024\/02\/20220126_170423-1024x778.jpg\" alt=\"\" class=\"wp-image-3439\" srcset=\"https:\/\/vincenzoconsolo.it\/wp-content\/uploads\/2024\/02\/20220126_170423-1024x778.jpg 1024w, https:\/\/vincenzoconsolo.it\/wp-content\/uploads\/2024\/02\/20220126_170423-300x228.jpg 300w, https:\/\/vincenzoconsolo.it\/wp-content\/uploads\/2024\/02\/20220126_170423-768x583.jpg 768w, https:\/\/vincenzoconsolo.it\/wp-content\/uploads\/2024\/02\/20220126_170423-1536x1167.jpg 1536w, https:\/\/vincenzoconsolo.it\/wp-content\/uploads\/2024\/02\/20220126_170423-2048x1555.jpg 2048w\" sizes=\"(max-width: 1024px) 100vw, 1024px\" \/><\/a><\/figure>\n","protected":false},"excerpt":{"rendered":"<p>Caro Claudio, a te posso confidare un moto d\u2019animo e un pensiero che mi visitano in questi giorni prossimi al 18 febbraio. E posso farlo, perch\u00e9 so che mi capisci, essendo tu, come ho avuto modo di constatare in tutti questi anni, in sintonia con me riguardo al rapporto di amicizia di cui ci ha &hellip; <a href=\"https:\/\/vincenzoconsolo.it\/?p=3436\" class=\"more-link\">Continua a leggere <span class=\"screen-reader-text\">Per Consolo, 18 febbraio 2024<\/span><\/a><\/p>\n","protected":false},"author":1,"featured_media":0,"comment_status":"open","ping_status":"closed","sticky":false,"template":"","format":"standard","meta":{"footnotes":""},"categories":[344,9],"tags":[1891,318,77,44,466,17,600,208,139,32,57,20,105,83,1074,459,642,29,18],"_links":{"self":[{"href":"https:\/\/vincenzoconsolo.it\/index.php?rest_route=\/wp\/v2\/posts\/3436"}],"collection":[{"href":"https:\/\/vincenzoconsolo.it\/index.php?rest_route=\/wp\/v2\/posts"}],"about":[{"href":"https:\/\/vincenzoconsolo.it\/index.php?rest_route=\/wp\/v2\/types\/post"}],"author":[{"embeddable":true,"href":"https:\/\/vincenzoconsolo.it\/index.php?rest_route=\/wp\/v2\/users\/1"}],"replies":[{"embeddable":true,"href":"https:\/\/vincenzoconsolo.it\/index.php?rest_route=%2Fwp%2Fv2%2Fcomments&post=3436"}],"version-history":[{"count":1,"href":"https:\/\/vincenzoconsolo.it\/index.php?rest_route=\/wp\/v2\/posts\/3436\/revisions"}],"predecessor-version":[{"id":3440,"href":"https:\/\/vincenzoconsolo.it\/index.php?rest_route=\/wp\/v2\/posts\/3436\/revisions\/3440"}],"wp:attachment":[{"href":"https:\/\/vincenzoconsolo.it\/index.php?rest_route=%2Fwp%2Fv2%2Fmedia&parent=3436"}],"wp:term":[{"taxonomy":"category","embeddable":true,"href":"https:\/\/vincenzoconsolo.it\/index.php?rest_route=%2Fwp%2Fv2%2Fcategories&post=3436"},{"taxonomy":"post_tag","embeddable":true,"href":"https:\/\/vincenzoconsolo.it\/index.php?rest_route=%2Fwp%2Fv2%2Ftags&post=3436"}],"curies":[{"name":"wp","href":"https:\/\/api.w.org\/{rel}","templated":true}]}}