{"id":330,"date":"1998-08-10T08:02:27","date_gmt":"1998-08-10T08:02:27","guid":{"rendered":"http:\/\/vincenzoconsolo.it\/?p=330"},"modified":"2015-07-21T10:51:14","modified_gmt":"2015-07-21T10:51:14","slug":"nebrodi","status":"publish","type":"post","link":"https:\/\/vincenzoconsolo.it\/?p=330","title":{"rendered":"Nebrodi"},"content":{"rendered":"<p><a href=\"http:\/\/vincenzoconsolo.it\/wp-content\/uploads\/2015\/07\/11770655_919221891449620_1356575540_o.jpg\"><img loading=\"lazy\" decoding=\"async\" src=\"http:\/\/vincenzoconsolo.it\/wp-content\/uploads\/2015\/07\/11770655_919221891449620_1356575540_o-300x203.jpg\" alt=\"11770655_919221891449620_1356575540_o\" width=\"300\" height=\"203\" class=\"alignnone size-medium wp-image-338\" srcset=\"https:\/\/vincenzoconsolo.it\/wp-content\/uploads\/2015\/07\/11770655_919221891449620_1356575540_o-300x203.jpg 300w, https:\/\/vincenzoconsolo.it\/wp-content\/uploads\/2015\/07\/11770655_919221891449620_1356575540_o-1024x694.jpg 1024w, https:\/\/vincenzoconsolo.it\/wp-content\/uploads\/2015\/07\/11770655_919221891449620_1356575540_o.jpg 1181w\" sizes=\"(max-width: 300px) 100vw, 300px\" \/><\/a><br \/>\nRocche del Crasto Alcara Li Fusi 1998<\/p>\n<p> Ignoti dunque questi monti, i paesi su arroccati, la breve costa frastagliata, ignota questa regione fra le Madonie e i Peloritani, la piana<br \/>\ne la fumante incombenza del vulcano alle sue spalle, non solo agli \u201cstranieri\u201d, ma agli stessi siciliani che dall\u2019interno, dall\u2019occidente o<br \/>\ndall\u2019oriente si muovevano, per le strade borboniche e quindi per la ferrata, per andare in continente.<br \/>\nEra dunque uno iato, un salto questo dei Nebrodi, che lasciava nel segreto la bellezza sua profonda, la profondit\u00e0 della sua storia. Regione<br \/>\nfra le pi\u00f9 verdi, fra le pi\u00f9 boschive, fra le pi\u00f9 ricche d\u2019acqua.<br \/>\nUn\u2019Umbria serena e ombrosa ingemmata nell\u2019isola della sconfinata nudit\u00e0 del latifondo, della nera coltre della lava o della scabra, desolata<br \/>\ndimensione delle zolfare. Una storia, la sua, che s\u2019arrestava all\u2019era bizantina, ai monasteri basiliani, agli alpestri santuari, ai cenobi,<br \/>\nagli eremitaggi, ai poveri villaggi di pastori e carbonai resistenti all\u2019espansione, all\u2019incidenza musulmana, che poi i Normanni scoprirono<br \/>\ne protessero.<br \/>\nRuggero re e Adelasia madre, per nostalgia forse costei delle montagna sue monferrine, predilessero questi luoghi, dotarono di feudi le<br \/>\nabbazie, risvegliarono nei sudditi identit\u00e0 e attivismo, fecero qui stanziare, dopo la conquista, i lombardi mercenari che formarono colonie,<br \/>\nisole di diverso costume e di ancor pi\u00f9 diversa lingua.<br \/>\nRiallacciava cos\u00ec, l\u2019epoca normanna, quella zona a un pi\u00f9 antico sfondo storico, a una matrice greca e poi latina, a una vita vale a dire di<br \/>\nparca geometria, di umile misura\u2026<br \/>\nLa natura qui, serena e generosa, e la storia, che aveva tenuto fuori le male signorie, il feudalesimo dei baroni rapaci e devastanti, avevano<br \/>\nfatto s\u00ec che questi Nebrodi per secoli e secoli, e fino a ieri, mantenessero una loro armonia, una loro appartata ma preziosa civilt\u00e0.<br \/>\nChi \u00e8 nato e cresciuto ai piedi dei Nebrodi, ha avuto sempre davanti agli occhi la montagna di San Fratello, le vallate dell\u2019Inganno, del<br \/>\nRosmarino e del Furiano, il colle di San Marco, le rocche dolomitiche di Alcara Li Fusi.<br \/>\nChi \u00e8 nato sulla costa, a Sant\u2019Agata ad esempio, ha memoria delle due fiere che l\u00ec si svolgevano, in aprile e in novembre.<br \/>\nIn quei giorni, la spiaggia si riempiva di mucche, tori, pecore, capre, maiali, asini, muli, cavalli; di mercanti e di sensali, di pastori, contadini,<br \/>\ncarbonai, venditori di rami, di ferri, di legni, di ceste, di terrecotte; venivano tutti da San Fratello, Caronia, Cesar\u00f2, Tortorici, Longi,<br \/>\nMirto, Frazzan\u00f2, Santo Stefano di Camastra\u2026<br \/>\nErano quelle fiere la scoperta di un mondo sconosciuto, agricolo e pastorale: un mondo antico, pieno di storia, di cultura; erano la scoperta<br \/>\ndei Nebrodi, vale a dire del proprio passato, della propria identit\u00e0. La scoperta della matrice d\u2019ogni racconto, d\u2019ogni favola.<br \/>\nQuesti Nebrodi cos\u00ec contadini, cos\u00ec pastorali e forestali, che la civilt\u00e0 industriale ha spopolato, relegato ai margini, tornano oggi, nella<br \/>\nloro interezza d\u2019abbandono, al \u201cceleste raggio\u201d, come dice Leopardi, o al verde raggio: alla speranza, oltre l\u2019asfissia, oltre il panico del<br \/>\nterremoto industriale.<br \/>\nQuesti Nebrodi dunque, esiliati dalla storia, consegnati alla natura \u2013 la natura pi\u00f9 serena e generosa dell\u2019Isola \u2013 rappresentano un nuovo<br \/>\nsegno, un nuovo cammino verso il futuro che ha nel parco regionale e nel turismo sostenibile la sua svolta determinante.<\/p>\n<p>Vincenzo Consolo<\/p>\n","protected":false},"excerpt":{"rendered":"<p>Rocche del Crasto Alcara Li Fusi 1998 Ignoti dunque questi monti, i paesi su arroccati, la breve costa frastagliata, ignota questa regione fra le Madonie e i Peloritani, la piana e la fumante incombenza del vulcano alle sue spalle, non solo agli \u201cstranieri\u201d, ma agli stessi siciliani che dall\u2019interno, dall\u2019occidente o dall\u2019oriente si muovevano, per &hellip; <a href=\"https:\/\/vincenzoconsolo.it\/?p=330\" class=\"more-link\">Continua a leggere <span class=\"screen-reader-text\">Nebrodi<\/span><\/a><\/p>\n","protected":false},"author":1,"featured_media":0,"comment_status":"open","ping_status":"open","sticky":false,"template":"","format":"standard","meta":{"footnotes":""},"categories":[6,2],"tags":[],"_links":{"self":[{"href":"https:\/\/vincenzoconsolo.it\/index.php?rest_route=\/wp\/v2\/posts\/330"}],"collection":[{"href":"https:\/\/vincenzoconsolo.it\/index.php?rest_route=\/wp\/v2\/posts"}],"about":[{"href":"https:\/\/vincenzoconsolo.it\/index.php?rest_route=\/wp\/v2\/types\/post"}],"author":[{"embeddable":true,"href":"https:\/\/vincenzoconsolo.it\/index.php?rest_route=\/wp\/v2\/users\/1"}],"replies":[{"embeddable":true,"href":"https:\/\/vincenzoconsolo.it\/index.php?rest_route=%2Fwp%2Fv2%2Fcomments&post=330"}],"version-history":[{"count":4,"href":"https:\/\/vincenzoconsolo.it\/index.php?rest_route=\/wp\/v2\/posts\/330\/revisions"}],"predecessor-version":[{"id":339,"href":"https:\/\/vincenzoconsolo.it\/index.php?rest_route=\/wp\/v2\/posts\/330\/revisions\/339"}],"wp:attachment":[{"href":"https:\/\/vincenzoconsolo.it\/index.php?rest_route=%2Fwp%2Fv2%2Fmedia&parent=330"}],"wp:term":[{"taxonomy":"category","embeddable":true,"href":"https:\/\/vincenzoconsolo.it\/index.php?rest_route=%2Fwp%2Fv2%2Fcategories&post=330"},{"taxonomy":"post_tag","embeddable":true,"href":"https:\/\/vincenzoconsolo.it\/index.php?rest_route=%2Fwp%2Fv2%2Ftags&post=330"}],"curies":[{"name":"wp","href":"https:\/\/api.w.org\/{rel}","templated":true}]}}