{"id":1781,"date":"2019-01-21T08:54:19","date_gmt":"2019-01-21T08:54:19","guid":{"rendered":"http:\/\/vincenzoconsolo.it\/?p=1781"},"modified":"2019-01-23T07:33:52","modified_gmt":"2019-01-23T07:33:52","slug":"con-lo-scrivere-si-puo-forse-cambiare-il-mondo-studi-per-vincenzo-consolo","status":"publish","type":"post","link":"https:\/\/vincenzoconsolo.it\/?p=1781","title":{"rendered":"&#8220;Con lo scrivere si puo&#8217; forse cambiare il mondo&#8221;. Studi per Vincenzo Consolo"},"content":{"rendered":"<p>&nbsp;<\/p>\n<p><a href=\"http:\/\/vincenzoconsolo.it\/wp-content\/uploads\/2019\/01\/Vincenzo-Consolo-1986.jpeg\"><img loading=\"lazy\" decoding=\"async\" class=\"alignnone size-medium wp-image-1787\" src=\"http:\/\/vincenzoconsolo.it\/wp-content\/uploads\/2019\/01\/Vincenzo-Consolo-1986-300x201.jpeg\" alt=\"\" width=\"300\" height=\"201\" srcset=\"https:\/\/vincenzoconsolo.it\/wp-content\/uploads\/2019\/01\/Vincenzo-Consolo-1986-300x201.jpeg 300w, https:\/\/vincenzoconsolo.it\/wp-content\/uploads\/2019\/01\/Vincenzo-Consolo-1986.jpeg 567w\" sizes=\"(max-width: 300px) 100vw, 300px\" \/><\/a><br \/>\n*<br \/>\nVincenzo Consolo (Sant\u2019Agata di Militello, 1933 &#8211; Milano, 2012) \u00e8 uno dei grandi classici del secondo Novecento; la sua opera \u00e8 ormai tradotta in molte lingue.<br \/>\nQuesto volume vuole rendere omaggio alla sua originalissima figura di scrittore e di intellettuale e propone, accanto a studi di critici &#8220;consoliani&#8221; di lungo corso, nuove prospettive di lettura di giovani ricercatori.<br \/>\nIl libro presenta anche alcuni materiali inediti: un\u2019intervista all\u2019autore, una nota esplicativa sul suo archivio di recente apertura e due fotografie in bianco e nero.<br \/>\nAnna Fabretti<\/p>\n<p>ReCHERches n\u00b0 21\/2018<\/p>\n<p>\u00abCon lo scrivere si pu\u00f2 forse cambiare il mondo\u00bb. Studi per Vincenzo Consolo<\/p>\n<p>Avec Anna Frabetti, Laura Toppan, Marine Aubry-Morici, Lise Bossi, Michele Carini, Giulia Falistocco, Cinzia Gallo, Nicola Izzo, Rosina Martucci, Daragh O&#8217;Connell, Caterina Pilenga Consolo, Daniel Raffini, Giuseppe Traina, Gianni Turchetta<\/p>\n<p>\u00c9dit\u00e9 par Anna Frabetti, Laura Toppan<\/p>\n<p>Photographies de Giovanna Borgese<\/p>\n<p><a href=\"http:\/\/vincenzoconsolo.it\/wp-content\/uploads\/2019\/01\/Vincenzo-Consolo-1976-.jpeg\"><img loading=\"lazy\" decoding=\"async\" class=\"alignnone size-medium wp-image-1788\" src=\"http:\/\/vincenzoconsolo.it\/wp-content\/uploads\/2019\/01\/Vincenzo-Consolo-1976--300x196.jpeg\" alt=\"\" width=\"300\" height=\"196\" srcset=\"https:\/\/vincenzoconsolo.it\/wp-content\/uploads\/2019\/01\/Vincenzo-Consolo-1976--300x196.jpeg 300w, https:\/\/vincenzoconsolo.it\/wp-content\/uploads\/2019\/01\/Vincenzo-Consolo-1976--768x502.jpeg 768w, https:\/\/vincenzoconsolo.it\/wp-content\/uploads\/2019\/01\/Vincenzo-Consolo-1976--1024x669.jpeg 1024w, https:\/\/vincenzoconsolo.it\/wp-content\/uploads\/2019\/01\/Vincenzo-Consolo-1976-.jpeg 1101w\" sizes=\"(max-width: 300px) 100vw, 300px\" \/><\/a><\/p>\n<p>Dettagli:<\/p>\n<p>Caterina Pilenga Consolo, \u00ab Breve nota sull&#8217;Archivio Consolo \u00bb ;<\/p>\n<p>Anna Frabetti, \u00ab Conversazione con Vincenzo Consolo \u00bb ;<\/p>\n<p>Anna Frabetti e Laura Toppan, \u00ab Introduzione\u00a0 \u00bb;<\/p>\n<p>Gianni Turchetta, \u00ab Soggettivit\u00e0 e iterazione nel romanzo storico-metaforico di Vincenzo Consolo \u00bb ;<\/p>\n<p>Daragh O&#8217;Connell, \u00ab Il punto scritto: genesi e scrittura ne Il sorriso dell&#8217;ignoto marinaio \u00bb ;<\/p>\n<p>Giulia Falistocco, \u00ab La scrittura come fuga dal carcere della Storia. Il sorriso dell&#8217;ignoto marinaio \u00bb ;<\/p>\n<p>Lise Bossi, \u00ab Vincenzo Consolo, dal sorriso allo spasimo: l\u2019impossibile romanzo \u00bb ;<\/p>\n<p>Giuseppe Traina, \u00ab L\u2019ulissismo intellettuale in Vincenzo Consolo \u00bb ;<\/p>\n<p>Nicola Izzo, \u00ab Nello scriptorium barocco di Vincenzo Consolo: riprese e ribaltamenti letterari in Retablo;<\/p>\n<p>Daniel Raffini, \u00ab La mia isola \u00e8 Las Vegas: laboratorio e testamento letterario \u00bb ;<\/p>\n<p>Marine Aubry-Morici, \u00ab \u00c9crivains de l\u2019histoire, \u00e9crivains du mythe : la g\u00e9ographie litt\u00e9raire de Vincenzo Consolo \u00bb ;<\/p>\n<p>Michele Carini, \u00abE questa storia che m\u2019intestardo a scrivere\u00bb Sull\u2019istanza narrativa nell\u2019opera di Vincenzo Consolo \u00bb ;<\/p>\n<p>Cinzia Gallo, \u00ab Vincenzo Consolo lettore di Pirandello \u00bb ;<\/p>\n<p>Laura Toppan, \u00ab Vincenzo Consolo e Andrea Zanzotto: un \u00abarcheologo della lingua\u00bb e un \u00abbotanico di grammatiche\u00bb \u00bb ;<\/p>\n<p>Rosina Martucci, \u00ab Vincenzo Consolo e Giose Rimanelli: quadri di letteratura comparata fra viaggio, emigrazione ed esilio \u00bb.<br \/>\n<a href=\"http:\/\/vincenzoconsolo.it\/wp-content\/uploads\/2019\/01\/CCI_000012.jpg\"><img loading=\"lazy\" decoding=\"async\" class=\"size-medium wp-image-1782 alignleft\" src=\"http:\/\/vincenzoconsolo.it\/wp-content\/uploads\/2019\/01\/CCI_000012-200x300.jpg\" alt=\"\" width=\"200\" height=\"300\" srcset=\"https:\/\/vincenzoconsolo.it\/wp-content\/uploads\/2019\/01\/CCI_000012-200x300.jpg 200w, https:\/\/vincenzoconsolo.it\/wp-content\/uploads\/2019\/01\/CCI_000012-768x1153.jpg 768w, https:\/\/vincenzoconsolo.it\/wp-content\/uploads\/2019\/01\/CCI_000012-682x1024.jpg 682w, https:\/\/vincenzoconsolo.it\/wp-content\/uploads\/2019\/01\/CCI_000012.jpg 1868w\" sizes=\"(max-width: 200px) 100vw, 200px\" \/><\/a><a href=\"http:\/\/vincenzoconsolo.it\/wp-content\/uploads\/2019\/01\/CCI_000013.jpg\"><img loading=\"lazy\" decoding=\"async\" class=\"size-medium wp-image-1783 alignleft\" src=\"http:\/\/vincenzoconsolo.it\/wp-content\/uploads\/2019\/01\/CCI_000013-199x300.jpg\" alt=\"\" width=\"199\" height=\"300\" srcset=\"https:\/\/vincenzoconsolo.it\/wp-content\/uploads\/2019\/01\/CCI_000013-199x300.jpg 199w, https:\/\/vincenzoconsolo.it\/wp-content\/uploads\/2019\/01\/CCI_000013-768x1157.jpg 768w, https:\/\/vincenzoconsolo.it\/wp-content\/uploads\/2019\/01\/CCI_000013-679x1024.jpg 679w, https:\/\/vincenzoconsolo.it\/wp-content\/uploads\/2019\/01\/CCI_000013.jpg 1856w\" sizes=\"(max-width: 199px) 100vw, 199px\" \/><\/a><a href=\"http:\/\/vincenzoconsolo.it\/wp-content\/uploads\/2019\/01\/CCI_000014.jpg\"><img loading=\"lazy\" decoding=\"async\" class=\"alignnone size-medium wp-image-1784\" src=\"http:\/\/vincenzoconsolo.it\/wp-content\/uploads\/2019\/01\/CCI_000014-210x300.jpg\" alt=\"\" width=\"210\" height=\"300\" srcset=\"https:\/\/vincenzoconsolo.it\/wp-content\/uploads\/2019\/01\/CCI_000014-210x300.jpg 210w, https:\/\/vincenzoconsolo.it\/wp-content\/uploads\/2019\/01\/CCI_000014-768x1095.jpg 768w, https:\/\/vincenzoconsolo.it\/wp-content\/uploads\/2019\/01\/CCI_000014-718x1024.jpg 718w\" sizes=\"(max-width: 210px) 100vw, 210px\" \/><\/a><br \/>\n<b><br \/>\nVincenzo Consolo<\/b>\u00a0(Sant&#8217;Agata Di Militello,18 febbraio 1933 &#8211; Milano 21 gennaio 2012)<\/p>\n","protected":false},"excerpt":{"rendered":"<p>&nbsp; * Vincenzo Consolo (Sant\u2019Agata di Militello, 1933 &#8211; Milano, 2012) \u00e8 uno dei grandi classici del secondo Novecento; la sua opera \u00e8 ormai tradotta in molte lingue. Questo volume vuole rendere omaggio alla sua originalissima figura di scrittore e di intellettuale e propone, accanto a studi di critici &#8220;consoliani&#8221; di lungo corso, nuove prospettive &hellip; <a href=\"https:\/\/vincenzoconsolo.it\/?p=1781\" class=\"more-link\">Continua a leggere <span class=\"screen-reader-text\">&#8220;Con lo scrivere si puo&#8217; forse cambiare il mondo&#8221;. Studi per Vincenzo Consolo<\/span><\/a><\/p>\n","protected":false},"author":1,"featured_media":0,"comment_status":"open","ping_status":"closed","sticky":false,"template":"","format":"standard","meta":{"footnotes":""},"categories":[6,7,1,144,4],"tags":[425,124,336,599,338,318,590,77,595,598,17,592,600,597,493,200,119,127,161,36,594,593,596,20,601,154,591,459,29,130,18],"_links":{"self":[{"href":"https:\/\/vincenzoconsolo.it\/index.php?rest_route=\/wp\/v2\/posts\/1781"}],"collection":[{"href":"https:\/\/vincenzoconsolo.it\/index.php?rest_route=\/wp\/v2\/posts"}],"about":[{"href":"https:\/\/vincenzoconsolo.it\/index.php?rest_route=\/wp\/v2\/types\/post"}],"author":[{"embeddable":true,"href":"https:\/\/vincenzoconsolo.it\/index.php?rest_route=\/wp\/v2\/users\/1"}],"replies":[{"embeddable":true,"href":"https:\/\/vincenzoconsolo.it\/index.php?rest_route=%2Fwp%2Fv2%2Fcomments&post=1781"}],"version-history":[{"count":3,"href":"https:\/\/vincenzoconsolo.it\/index.php?rest_route=\/wp\/v2\/posts\/1781\/revisions"}],"predecessor-version":[{"id":1790,"href":"https:\/\/vincenzoconsolo.it\/index.php?rest_route=\/wp\/v2\/posts\/1781\/revisions\/1790"}],"wp:attachment":[{"href":"https:\/\/vincenzoconsolo.it\/index.php?rest_route=%2Fwp%2Fv2%2Fmedia&parent=1781"}],"wp:term":[{"taxonomy":"category","embeddable":true,"href":"https:\/\/vincenzoconsolo.it\/index.php?rest_route=%2Fwp%2Fv2%2Fcategories&post=1781"},{"taxonomy":"post_tag","embeddable":true,"href":"https:\/\/vincenzoconsolo.it\/index.php?rest_route=%2Fwp%2Fv2%2Ftags&post=1781"}],"curies":[{"name":"wp","href":"https:\/\/api.w.org\/{rel}","templated":true}]}}