{"id":1583,"date":"2016-11-18T10:04:56","date_gmt":"2016-11-18T10:04:56","guid":{"rendered":"http:\/\/vincenzoconsolo.it\/?p=1583"},"modified":"2017-10-26T10:13:37","modified_gmt":"2017-10-26T10:13:37","slug":"viaggiatori-e-migranti-vincenzo-consolo","status":"publish","type":"post","link":"https:\/\/vincenzoconsolo.it\/?p=1583","title":{"rendered":"Viaggiatori e migranti Vincenzo Consolo"},"content":{"rendered":"<p align=\"justify\">Vincenzo Consolo<\/p>\n<p align=\"justify\"><em>Mediterraneo<\/em><\/p>\n<p align=\"justify\"><em>Viaggiatori e migranti<\/em><\/p>\n<p align=\"justify\">\u00a0di Aldo Meccariello<\/p>\n<p align=\"justify\">\n<p align=\"justify\">\u00a0Edizioni dell&#8217;asino, Roma 2016<br \/>\n<a href=\"http:\/\/vincenzoconsolo.it\/wp-content\/uploads\/2017\/10\/cover-consolo.jpg\"><img loading=\"lazy\" decoding=\"async\" class=\"alignnone size-medium wp-image-1575\" src=\"http:\/\/vincenzoconsolo.it\/wp-content\/uploads\/2017\/10\/cover-consolo-183x300.jpg\" alt=\"cover-consolo\" width=\"183\" height=\"300\" srcset=\"https:\/\/vincenzoconsolo.it\/wp-content\/uploads\/2017\/10\/cover-consolo-183x300.jpg 183w, https:\/\/vincenzoconsolo.it\/wp-content\/uploads\/2017\/10\/cover-consolo.jpg 300w\" sizes=\"(max-width: 183px) 100vw, 183px\" \/><\/a><\/p>\n<p align=\"justify\"><strong>\u00a0<\/strong><\/p>\n<p align=\"justify\">Il sottotitolo di questo grazioso libriccino di Consolo \u00e8\u00a0<em>viaggiatori e migranti<\/em>\u00a0che hanno attraversato le coste del Mediterraneo, &#8220;il mare di conflitti, di spoliazioni territoriali, di negazioni d&#8217;identit\u00e0, di migrazioni e diaspore, di ognuno che, esule per desiderio di conoscenza o per costrizione, ritrova la sua terra, il suo cielo, la sua casa&#8221; (p. 22). Punto di osservazione dello scrittore siciliano che non aveva la fede illuministica di Sciascia \u00e8 la sua terra sospesa tra incanto e disincanto, e lacerata nelle sue corde pi\u00f9 profonde. Consolo fa palpitare, pi\u00f9 che gli spasimi, i respiri della sua isola che sembrano sprigionarsi dal mito, dalla storia e dalla letteratura in un gioco di rimandi e di corrispondenze reciproche.<\/p>\n<p align=\"justify\">Filo conduttore della trattazione \u00e8 il viaggio iniziatico di Ulisse nei mari dell&#8217;immaginario dove avviene il trauma del distacco dalla realt\u00e0, &#8220;dove fiorisce il fantastico, il surreale, l&#8217;onirico, la fascinazione, l&#8217;ossessione, dove la ragione si oscura e trovano varco i mostri&#8221; (p.7). Sospinto dalle onde tremende del mare, l&#8217;eroe omerico, dopo aver lasciato la distrutta Ilio intraprende il viaggio di ritorno ad Itaca per ritrovarvi con l&#8217;aiuto del figlio Telemaco l&#8217;armonia perduta. L&#8217;asse centrale di questo piccolo e prezioso reportage sul Mediterraneo che lo scrittore offre ai suoi lettori \u00e8 il legame della Sicilia con la cultura araba che &#8220;ha lasciato nell&#8217;isola un&#8217;impronta tale che dal suo innestarsi nell&#8217;isola si pu\u00f2 dire che cominci la storia\u00a0<em>siciliana<\/em>&#8221; (p.10).<\/p>\n<p align=\"justify\">Da Mazara a Palermo i segni della cultura araba si sono sedimentati lungo un millennio nel carattere, nelle fisionomie, nei costumi e nella lingua del popolo siciliano. Il miracolo pi\u00f9 grande, osserva Consolo, \u00e8 che durante la dominazione musulmana domina lo spirito di tolleranza e di pacifica convivenza che viaggiatori come Ibn Giubayr, il geografo Idrisi e Ibn Hawqal hanno raccontato nei loro testi. A Ibn Giubayr, viaggiatore e letterato musulmano di Spagna vissuto tra il XII e il XIII secolo \u00e8 dedicato un capitoletto che ricostruisce il suo &#8220;Itinerario&#8221; (<em>Ri\u1e25la<\/em>), sul pellegrinaggio da lui compiuto alla Mecca (1183-85) partendo da Granata, dopo aver attraversato pericolosamente le coste del Mediterraneo. Al suo ritorno in patria si ferma in Sicilia e, attraversandola in lungo e in largo, rimane abbagliato dalle sue citt\u00e0 e dalle sue coste. Queste notizie sui viaggiatori arabi trovano poi una sistemazione accurata nella grande opera in cinque volumi,\u00a0<em>La storia dei Musulmani di Sicilia\u00a0<\/em>scritta da uno scrittore e saggista politico del secolo scorso, Michele Amari che &#8220;reper\u00ec e tradusse documenti storici, memorie, letteratura araba che riguardava la Sicilia&#8221;(p.13). E dopo di lui, venne a formarsi in Italia una vera scuola di arabisti ed orientalisti (Ignazio e Michelangelo Guidi, Giorgio Levi della Vida, Leone Caetani, Francesco Gabrieli ed altri) di cui non si parla quasi pi\u00f9.<\/p>\n<p align=\"justify\">La narrazione di Consolo scandita nella forma di deliziosi<em>\u00a0pastiches<\/em>\u00a0cattura pagine, voci, suoni e topoi come ripescati dai fondali del Mediterraneo stordito dalle sue ataviche contraddizioni geopolitiche. Lungo quel breve braccio di mare tra la Sicilia e le coste africane scopriamo un affresco mosso e variegato fatto di storie di scambi e di razzie, di emigrazioni e di conquiste che coinvolgono uomini di culture e fedi diverse (italiani, tunisini, marocchini, poi cristiani, musulmani, ebrei). Una pennellata di questo affresco \u00e8 la &#8220;grossa ondata migratoria di bracciantato italiano in Tunisia avvenne sul finire dell&#8217;Ottocento e i primi anni del Novecento, con la crisi economica che colp\u00ec le nostre regioni meridionali&#8221; (p.26).<\/p>\n<p align=\"justify\">Un&#8217;altra pennellata \u00e8 il racconto,\u00a0<em>Uomini sotto il sole<\/em>, pubblicato nel 1963 dal palestinese Ghassan Kanafani, ucciso nel 1972 in un attentato. I tre personaggi-profughi principali del racconto moriranno asfissiati dentro un&#8217;autocisterna nel tentativo di espatriare in Kuwait, dopo aver attraversato il deserto iracheno che di l\u00ec a poco sar\u00e0 il tragico teatro della prima guerra del Golfo. Consolo rilegge il racconto come una grande metafora della tormentata e ricca civilt\u00e0 mediterranea e come un esempio di vera letteratura politica.<\/p>\n<p align=\"justify\">\n","protected":false},"excerpt":{"rendered":"<p>Vincenzo Consolo Mediterraneo Viaggiatori e migranti \u00a0di Aldo Meccariello \u00a0Edizioni dell&#8217;asino, Roma 2016 \u00a0 Il sottotitolo di questo grazioso libriccino di Consolo \u00e8\u00a0viaggiatori e migranti\u00a0che hanno attraversato le coste del Mediterraneo, &#8220;il mare di conflitti, di spoliazioni territoriali, di negazioni d&#8217;identit\u00e0, di migrazioni e diaspore, di ognuno che, esule per desiderio di conoscenza o per &hellip; <a href=\"https:\/\/vincenzoconsolo.it\/?p=1583\" class=\"more-link\">Continua a leggere <span class=\"screen-reader-text\">Viaggiatori e migranti Vincenzo Consolo<\/span><\/a><\/p>\n","protected":false},"author":1,"featured_media":0,"comment_status":"open","ping_status":"closed","sticky":false,"template":"","format":"standard","meta":{"footnotes":""},"categories":[7,1,144],"tags":[413,406,318,77,411,407,396,409,398,408,32,410,306,40,412,18],"_links":{"self":[{"href":"https:\/\/vincenzoconsolo.it\/index.php?rest_route=\/wp\/v2\/posts\/1583"}],"collection":[{"href":"https:\/\/vincenzoconsolo.it\/index.php?rest_route=\/wp\/v2\/posts"}],"about":[{"href":"https:\/\/vincenzoconsolo.it\/index.php?rest_route=\/wp\/v2\/types\/post"}],"author":[{"embeddable":true,"href":"https:\/\/vincenzoconsolo.it\/index.php?rest_route=\/wp\/v2\/users\/1"}],"replies":[{"embeddable":true,"href":"https:\/\/vincenzoconsolo.it\/index.php?rest_route=%2Fwp%2Fv2%2Fcomments&post=1583"}],"version-history":[{"count":2,"href":"https:\/\/vincenzoconsolo.it\/index.php?rest_route=\/wp\/v2\/posts\/1583\/revisions"}],"predecessor-version":[{"id":1585,"href":"https:\/\/vincenzoconsolo.it\/index.php?rest_route=\/wp\/v2\/posts\/1583\/revisions\/1585"}],"wp:attachment":[{"href":"https:\/\/vincenzoconsolo.it\/index.php?rest_route=%2Fwp%2Fv2%2Fmedia&parent=1583"}],"wp:term":[{"taxonomy":"category","embeddable":true,"href":"https:\/\/vincenzoconsolo.it\/index.php?rest_route=%2Fwp%2Fv2%2Fcategories&post=1583"},{"taxonomy":"post_tag","embeddable":true,"href":"https:\/\/vincenzoconsolo.it\/index.php?rest_route=%2Fwp%2Fv2%2Ftags&post=1583"}],"curies":[{"name":"wp","href":"https:\/\/api.w.org\/{rel}","templated":true}]}}