{"id":1066,"date":"2016-04-04T10:48:48","date_gmt":"2016-04-04T10:48:48","guid":{"rendered":"http:\/\/vincenzoconsolo.it\/?p=1066"},"modified":"2016-05-13T06:17:53","modified_gmt":"2016-05-13T06:17:53","slug":"vincenzo-consolo-lhomme-lecrivain-lintellectuel-strasbourg","status":"publish","type":"post","link":"https:\/\/vincenzoconsolo.it\/?p=1066","title":{"rendered":"Vincenzo Consolo. L&#8217;homme, l&#8217;\u00e9crivain, l&#8217;intellectuel (Strasbourg)"},"content":{"rendered":"<p>\u00ab VINCENZO CONSOLO : L\u2019HOMME, L\u2019ECRIVAIN, L\u2019INTELLECTUEL \u00bb<br \/>\nUniversit\u00e9 de Strasbourg<br \/>\n29 et 30 septembre 2016<\/p>\n<p>\u00ab Vincenzo Consolo ci ha lasciati, e il dolore incomincia a sfumarsi di rimpianto. Al dolore della perdita si mescola ora la consapevolezza, anche, dei mutamenti che questa perdita ha implicato per il quadro attuale della narrativa italiana. \u00bb ha scritto Cesare Segre.<\/p>\n<p>Vincenzo Consolo \u00e8 uno dei nuovi classici del Novecento. La sua opera, a partire soprattutto dal Sorriso dell\u2019ignoto marinaio del 1976, ha mostrato una complessit\u00e0 della riflessione veicolata da quel \u00ab mirabile impasto linguistico \u00bb che ha assunto le forme pi\u00f9 diverse nei diversi generi praticati.<br \/>\nPer ricordarne la figura di scrittore e di intellettuale, il dipartimento d&#8217;italiano dell&#8217;Universit\u00e0 di Strasburgo organizza due giornate di studi, il 29 e 30 settembre 2016.<br \/>\nGli abstract in lingua francese o italiana (dieci righe accompagnate da una nota biobibliografica dell\u2019autore) dovranno essere inviati entro il 20 maggio a frabetti@unistra.fr<\/p>\n<p>Comitato Scientifico<br \/>\nStefania Cubeddu (Universit\u00e9 Paris X Nanterre)<br \/>\nEmanuele Cutinelli-Rendina (Universit\u00e9 de Strasbourg)<br \/>\nAnna Frabetti (Universit\u00e9 de Strasbourg)<br \/>\nDaragh O\u2019Connell (University College Cork)<br \/>\nEnza Perdichizzi (Universit\u00e9 de Strasbourg)<br \/>\nLaura Toppan (Universit\u00e9 de Lorraine, Nancy)<br \/>\nGianni Turchetta (Universit\u00e0 di Milano)<br \/>\nWalter Zidari\u010d (Universit\u00e9 de Nantes)<\/p>\n<p>\u00ab Vincenzo Consolo nous a quitt\u00e9s et la douleur commence \u00e0 s\u2019estomper dans le regret. A la douleur de cette perte, s\u2019ajoute aujourd\u2019hui la conscience des changements que cette disparition a engendr\u00e9s dans le contexte actuel de la litt\u00e9rature italienne. \u00bb a \u00e9crit Cesare Segre.<br \/>\nVincenzo Consolo est l\u2019un des \u00ab nouveaux classiques \u00bb du XX\u00e8me si\u00e8cle. Son \u0153uvre, \u00e0 partir notamment du Sourire du Marin inconnu (1976) montre une complexit\u00e9 de la r\u00e9flexion, toujours v\u00e9hicul\u00e9e par cette \u00ab admirable mixture linguistique \u00bb, sous les formes les plus diverses, dans les diff\u00e9rents genres fr\u00e9quent\u00e9s.<br \/>\nPour approfondir la port\u00e9e de l\u2019activit\u00e9 d\u2019\u00e9crivain et d\u2019intellectuel de Consolo, le d\u00e9partement d\u2019Italien de l\u2019Universit\u00e9 de Strasbourg organise deux journ\u00e9es d\u2019\u00e9tudes les 29 et 30 septembre 2016.<br \/>\nLes propositions de communications (dix lignes en italien ou en fran\u00e7ais) doivent parvenir, avec une notice biobibliographique de l\u2019auteur, avant le 20 mai, \u00e0 cette adresse :<br \/>\nfrabetti@unistra.fr<br \/>\nComit\u00e9 Scientifique<br \/>\nStefania Cubeddu (Universit\u00e9 Paris X Nanterre)<br \/>\nEmanuele Cutinelli-Rendina (Universit\u00e9 de Strasbourg)<br \/>\nAnna Frabetti (Universit\u00e9 de Strasbourg)<br \/>\nDaragh O\u2019Connell (University College Cork)<br \/>\nEnza Perdichizzi (Universit\u00e9 de Strasbourg)<br \/>\nLaura Toppan (Universit\u00e9 de Lorraine, Nancy)<br \/>\nGianni Turchetta (Universit\u00e0 di Milano)<br \/>\nWalter Zidari\u010d (Universit\u00e9 de Nantes)<br \/>\nRESPONSABLE : Frabetti<br \/>\nURL DE R\u00c9F\u00c9RENCEhttp:\/\/cher.unistra.fr<\/p>\n<p>http:\/\/www.fabula.org\/actualites\/vincenzo-consolo-l-homme-l-ecrivain-l-intellectuel_73404.php<\/p>\n","protected":false},"excerpt":{"rendered":"<p>\u00ab VINCENZO CONSOLO : L\u2019HOMME, L\u2019ECRIVAIN, L\u2019INTELLECTUEL \u00bb Universit\u00e9 de Strasbourg 29 et 30 septembre 2016 \u00ab Vincenzo Consolo ci ha lasciati, e il dolore incomincia a sfumarsi di rimpianto. Al dolore della perdita si mescola ora la consapevolezza, anche, dei mutamenti che questa perdita ha implicato per il quadro attuale della narrativa italiana. \u00bb &hellip; <a href=\"https:\/\/vincenzoconsolo.it\/?p=1066\" class=\"more-link\">Continua a leggere <span class=\"screen-reader-text\">Vincenzo Consolo. L&#8217;homme, l&#8217;\u00e9crivain, l&#8217;intellectuel (Strasbourg)<\/span><\/a><\/p>\n","protected":false},"author":1,"featured_media":0,"comment_status":"open","ping_status":"open","sticky":false,"template":"","format":"standard","meta":{"footnotes":""},"categories":[5,1],"tags":[124,125,126,17,127,132,133,102,134,130,129,131,18,128],"_links":{"self":[{"href":"https:\/\/vincenzoconsolo.it\/index.php?rest_route=\/wp\/v2\/posts\/1066"}],"collection":[{"href":"https:\/\/vincenzoconsolo.it\/index.php?rest_route=\/wp\/v2\/posts"}],"about":[{"href":"https:\/\/vincenzoconsolo.it\/index.php?rest_route=\/wp\/v2\/types\/post"}],"author":[{"embeddable":true,"href":"https:\/\/vincenzoconsolo.it\/index.php?rest_route=\/wp\/v2\/users\/1"}],"replies":[{"embeddable":true,"href":"https:\/\/vincenzoconsolo.it\/index.php?rest_route=%2Fwp%2Fv2%2Fcomments&post=1066"}],"version-history":[{"count":3,"href":"https:\/\/vincenzoconsolo.it\/index.php?rest_route=\/wp\/v2\/posts\/1066\/revisions"}],"predecessor-version":[{"id":1100,"href":"https:\/\/vincenzoconsolo.it\/index.php?rest_route=\/wp\/v2\/posts\/1066\/revisions\/1100"}],"wp:attachment":[{"href":"https:\/\/vincenzoconsolo.it\/index.php?rest_route=%2Fwp%2Fv2%2Fmedia&parent=1066"}],"wp:term":[{"taxonomy":"category","embeddable":true,"href":"https:\/\/vincenzoconsolo.it\/index.php?rest_route=%2Fwp%2Fv2%2Fcategories&post=1066"},{"taxonomy":"post_tag","embeddable":true,"href":"https:\/\/vincenzoconsolo.it\/index.php?rest_route=%2Fwp%2Fv2%2Ftags&post=1066"}],"curies":[{"name":"wp","href":"https:\/\/api.w.org\/{rel}","templated":true}]}}