{"id":1018,"date":"2016-03-08T09:06:37","date_gmt":"2016-03-08T09:06:37","guid":{"rendered":"http:\/\/vincenzoconsolo.it\/?p=1018"},"modified":"2016-03-08T09:06:37","modified_gmt":"2016-03-08T09:06:37","slug":"conferenza-all-universite-de-strasbourg-da-un-luogo-bellissimo-e-tremendo","status":"publish","type":"post","link":"https:\/\/vincenzoconsolo.it\/?p=1018","title":{"rendered":"Conferenza all&#8217; Universit\u00e9 de Strasbourg  \u201cDa un luogo bellissimo e tremendo\u201d."},"content":{"rendered":"<p>&nbsp;<\/p>\n<p><strong>\u00a0<a href=\"http:\/\/vincenzoconsolo.it\/wp-content\/uploads\/2015\/09\/96b30c9564a7f27078547199e9962735520.jpg\"><img loading=\"lazy\" decoding=\"async\" class=\"alignnone size-medium wp-image-503\" src=\"http:\/\/vincenzoconsolo.it\/wp-content\/uploads\/2015\/09\/96b30c9564a7f27078547199e9962735520-183x300.jpg\" alt=\"COF_2-cof_meridiani_-_titolo_corretto.indd\" width=\"183\" height=\"300\" srcset=\"https:\/\/vincenzoconsolo.it\/wp-content\/uploads\/2015\/09\/96b30c9564a7f27078547199e9962735520-183x300.jpg 183w, https:\/\/vincenzoconsolo.it\/wp-content\/uploads\/2015\/09\/96b30c9564a7f27078547199e9962735520-623x1024.jpg 623w, https:\/\/vincenzoconsolo.it\/wp-content\/uploads\/2015\/09\/96b30c9564a7f27078547199e9962735520.jpg 690w\" sizes=\"(max-width: 183px) 100vw, 183px\" \/><\/a><\/strong><\/p>\n<p><strong>CONFERENCE<\/strong><\/p>\n<p><strong>Gianni Turchetta<\/strong><\/p>\n<p>(Universit\u00e9 de Milan)<\/p>\n<p><em><strong>\u201cDa un luogo bellissimo e tremendo\u201d. <\/strong><\/em><\/p>\n<p><em><strong>La scrittura plurale di Vincenzo Consolo, fra sperimentalismo e meridionalismo<\/strong><\/em><\/p>\n<p>Mardi 8 mars, \u00e0 9h<\/p>\n<p>Auditorium du Coll\u00e8ge Doctoral Europ\u00e9en<\/p>\n<p>ENTREE LIBRE<\/p>\n<p>PRESENCE OBLIGATOIRE POUR LES ETUDIANTS D\u2019ITALIEN<\/p>\n<p>Infos\u00a0: frabetti@unistra.fr<\/p>\n<p>Universit\u00e9 de Strasbourg<\/p>\n","protected":false},"excerpt":{"rendered":"<p>&nbsp; \u00a0 CONFERENCE Gianni Turchetta (Universit\u00e9 de Milan) \u201cDa un luogo bellissimo e tremendo\u201d. La scrittura plurale di Vincenzo Consolo, fra sperimentalismo e meridionalismo Mardi 8 mars, \u00e0 9h Auditorium du Coll\u00e8ge Doctoral Europ\u00e9en ENTREE LIBRE PRESENCE OBLIGATOIRE POUR LES ETUDIANTS D\u2019ITALIEN Infos\u00a0: frabetti@unistra.fr Universit\u00e9 de Strasbourg<\/p>\n","protected":false},"author":1,"featured_media":0,"comment_status":"open","ping_status":"open","sticky":false,"template":"","format":"standard","meta":{"footnotes":""},"categories":[5,7,1],"tags":[17,101,16,37,100,18],"_links":{"self":[{"href":"https:\/\/vincenzoconsolo.it\/index.php?rest_route=\/wp\/v2\/posts\/1018"}],"collection":[{"href":"https:\/\/vincenzoconsolo.it\/index.php?rest_route=\/wp\/v2\/posts"}],"about":[{"href":"https:\/\/vincenzoconsolo.it\/index.php?rest_route=\/wp\/v2\/types\/post"}],"author":[{"embeddable":true,"href":"https:\/\/vincenzoconsolo.it\/index.php?rest_route=\/wp\/v2\/users\/1"}],"replies":[{"embeddable":true,"href":"https:\/\/vincenzoconsolo.it\/index.php?rest_route=%2Fwp%2Fv2%2Fcomments&post=1018"}],"version-history":[{"count":1,"href":"https:\/\/vincenzoconsolo.it\/index.php?rest_route=\/wp\/v2\/posts\/1018\/revisions"}],"predecessor-version":[{"id":1020,"href":"https:\/\/vincenzoconsolo.it\/index.php?rest_route=\/wp\/v2\/posts\/1018\/revisions\/1020"}],"wp:attachment":[{"href":"https:\/\/vincenzoconsolo.it\/index.php?rest_route=%2Fwp%2Fv2%2Fmedia&parent=1018"}],"wp:term":[{"taxonomy":"category","embeddable":true,"href":"https:\/\/vincenzoconsolo.it\/index.php?rest_route=%2Fwp%2Fv2%2Fcategories&post=1018"},{"taxonomy":"post_tag","embeddable":true,"href":"https:\/\/vincenzoconsolo.it\/index.php?rest_route=%2Fwp%2Fv2%2Ftags&post=1018"}],"curies":[{"name":"wp","href":"https:\/\/api.w.org\/{rel}","templated":true}]}}